{"id":347,"date":"2023-09-01T08:41:09","date_gmt":"2023-09-01T06:41:09","guid":{"rendered":"https:\/\/lautomneseranoir.fr\/?p=347"},"modified":"2023-09-01T08:41:09","modified_gmt":"2023-09-01T06:41:09","slug":"bibliographie-sacha-erbel","status":"publish","type":"post","link":"https:\/\/lautomneseranoir.fr\/index.php\/2023\/09\/01\/bibliographie-sacha-erbel\/","title":{"rendered":"Bibliographie &#8211; Sacha ERBEL"},"content":{"rendered":"\n<figure class=\"wp-block-image size-full\"><img loading=\"lazy\" decoding=\"async\" width=\"195\" height=\"334\" src=\"https:\/\/lautomneseranoir.fr\/wp-content\/uploads\/2023\/08\/41uvQko1AL._SX195_.jpg\" alt=\"\" class=\"wp-image-211\" srcset=\"https:\/\/lautomneseranoir.fr\/wp-content\/uploads\/2023\/08\/41uvQko1AL._SX195_.jpg 195w, https:\/\/lautomneseranoir.fr\/wp-content\/uploads\/2023\/08\/41uvQko1AL._SX195_-175x300.jpg 175w\" sizes=\"auto, (max-width: 195px) 100vw, 195px\" \/><figcaption class=\"wp-element-caption\">Jean-Marc Bloch Emmanuel Varle Jean-Marc Souvira Paul Merault Christophe Gavat Olivier Damien Danielle Thi\u00e9ry Fran\u00e7ois Lange Lionel Olivier R\u00e9my Lasource Luc Watteau Eric Dupuis Frank Klarczyk \u00c9ric Oliva Pierre Pouchairet Sacha Erbel Didier Fossey Jean-Fran\u00e7ois Pasques Patrick Nieto Christophe Guillaumot Ivan Zinberg <br>EAN : 9782370472113 <br>445 pages <br>Editions Lajouanie (28\/10\/2022)  <br>22 flics ou ex-flics, romanciers reconnus, r\u00e9unis dans cet ouvrage unique, \u00e9dit\u00e9 et vendu au profit exclusif des orphelins de la police. Au menu, des nouvelles in\u00e9dites, autour de l\u2019enfance&#8230; mais pas que. 1,50 \u20ac revers\u00e9 aux orphelins de la police <\/figcaption><\/figure>\n\n\n\n<figure class=\"wp-block-image size-full\"><img loading=\"lazy\" decoding=\"async\" width=\"195\" height=\"319\" src=\"https:\/\/lautomneseranoir.fr\/wp-content\/uploads\/2023\/09\/CVT_La-mort-est-parfois-preferable_207.webp\" alt=\"\" class=\"wp-image-345\" srcset=\"https:\/\/lautomneseranoir.fr\/wp-content\/uploads\/2023\/09\/CVT_La-mort-est-parfois-preferable_207.webp 195w, https:\/\/lautomneseranoir.fr\/wp-content\/uploads\/2023\/09\/CVT_La-mort-est-parfois-preferable_207-183x300.webp 183w\" sizes=\"auto, (max-width: 195px) 100vw, 195px\" \/><figcaption class=\"wp-element-caption\">Sacha Erbel <br>EAN : 9782372581066 <br>248 pages <br>Taurnada \u00c9ditions (08\/09\/2022)  <br>Yan est flic \u00e0 la police judiciaire de Lille. Depuis quelque temps, un \u00ab passager clandestin \u00bb s&rsquo;est invit\u00e9 dans sa vie : \u00ab l&rsquo;Araign\u00e9e \u00bb, c&rsquo;est le surnom qu&rsquo;elle lui a donn\u00e9. Alors que Yan traque l&rsquo;auteur du meurtre d&rsquo;un journaliste connu pour ses reportages \u00e0 sensation, elle n&rsquo;a pas d&rsquo;autre choix que de composer avec son \u00ab invisible ennemie \u00bb : insidieuse, omnipr\u00e9sente, l&rsquo;Araign\u00e9e tisse sa toile, cuisante morsure dans ses chairs survenant n&rsquo;importe o\u00f9, n&rsquo;importe quand\u2026 En parall\u00e8le, Brath, son coll\u00e8gue, enqu\u00eate sur la mort \u00e9trange d&rsquo;un homme retrouv\u00e9 d\u00e9capit\u00e9, assis au volant de sa voiture, la t\u00eate reposant sur la banquette arri\u00e8re. En \u00e9quilibre sur un fil, Yan ne baisse pas les bras, avance sur son chemin de douleurs au risque de se perdre\u2026 d\u00e9finitivement.<\/figcaption><\/figure>\n\n\n\n<figure class=\"wp-block-image size-full\"><img loading=\"lazy\" decoding=\"async\" width=\"250\" height=\"339\" src=\"https:\/\/lautomneseranoir.fr\/wp-content\/uploads\/2023\/09\/CVT_Lombre-de-Nola_8667.webp\" alt=\"\" class=\"wp-image-346\" srcset=\"https:\/\/lautomneseranoir.fr\/wp-content\/uploads\/2023\/09\/CVT_Lombre-de-Nola_8667.webp 250w, https:\/\/lautomneseranoir.fr\/wp-content\/uploads\/2023\/09\/CVT_Lombre-de-Nola_8667-221x300.webp 221w\" sizes=\"auto, (max-width: 250px) 100vw, 250px\" \/><figcaption class=\"wp-element-caption\">Sacha Erbel <br>EAN : 9782940606245 <br>210 pages <br>Eaux troubles (29\/03\/2019)  <br>Jamais je n&rsquo;aurais soup\u00e7onn\u00e9 une telle temp\u00eate \u00e0 l&rsquo;int\u00e9rieur de moi. Mon autre nature \u00e9tait enferm\u00e9e comme dans une prison de haute s\u00e9curit\u00e9 avec ses \u00e9crous et ses barreaux. Ne laissant appara\u00eetre que na\u00efvet\u00e9 et apparente l\u00e9g\u00e8ret\u00e9. Mais le monstre a lib\u00e9r\u00e9 un autre monstre. Et ce que toi tu m&rsquo;as fait, je vais te le rendre. Je vais te le renvoyer tel un miroir et il ne manquera rien, tu peux me croire. Douleur, col\u00e8re, terreur, vengeance, tout y sera. Et ce miroir refl\u00e9tera toutes tes imperfections. Tel le portrait de Dorian Gray, ces imperfections deviendront pustules, pourriture de ce que tu es \u00e0 l&rsquo;int\u00e9rieur de toi&#8230; \u00a0\u00bb Depuis son retour en France, Talia a chang\u00e9. Le don qu&rsquo;elle a acquis \u00e0 la Nouvelle-Orl\u00e9ans n&rsquo;y est peut-\u00eatre pas \u00e9tranger. En ce d\u00e9but janvier, une nouvelle vision la perturbe. Un homme pendu. Talia sait que cela annonce un meurtre. Cependant personne ne la prend au s\u00e9rieux. Etant donn\u00e9 ce qu&rsquo;elle apprend, Charlie, sa meilleure amie depuis toujours, craint qu&rsquo;elle ne souffre d&rsquo;un important stress post-traumatique. Alors que les meurtres par pendaison se poursuivent, Talia d\u00e9cide de repartir \u00e0 la Nouvelle-Orl\u00e9ans. Elle doit retourner sur les traces des esprits vaudou. Sur les traces de Baron Samedi. La porte s&rsquo;ouvre \u00e0 nouveau entre deux mondes. Tout n&rsquo;a pas encore \u00e9t\u00e9 r\u00e9v\u00e9l\u00e9. Entrez, si vous l&rsquo;osez&#8230; <\/figcaption><\/figure>\n\n\n\n<figure class=\"wp-block-image size-full\"><img loading=\"lazy\" decoding=\"async\" width=\"195\" height=\"293\" src=\"https:\/\/lautomneseranoir.fr\/wp-content\/uploads\/2023\/09\/51ZUKKnq7JL._SX195_.jpg\" alt=\"\" class=\"wp-image-344\"\/><figcaption class=\"wp-element-caption\">Sacha Erbel <br>EAN : 9782371080485 <br>246 pages <br>Editions L@ Liseuse &#8211; Clarabis (03\/02\/2017)  <br>L&rsquo;Emprise des sens est un thriller indispensable pour tous les amateurs du genre ! Lorsque Talia, en pleine d\u00e9sillusion sentimentale, s\u2019envole pour des vacances de r\u00eave \u00e0 la Nouvelle-Orl\u00e9ans, elle est loin de s\u2019imaginer que son destin l\u2019y attend. D\u00e8s le lendemain, elle se retrouve m\u00eal\u00e9e \u00e0 un crime, ex\u00e9cut\u00e9 selon un rituel macabre et violent. Rites vaudous ou crimes en s\u00e9rie, la fronti\u00e8re entre les deux semble floue pour Louis Lafontaine, policier charg\u00e9 de l\u2019enqu\u00eate, lui-m\u00eame confront\u00e9 \u00e0 des troubles obsessionnels. Avec sa co\u00e9quipi\u00e8re il est pr\u00eat \u00e0 tout pour remonter \u00e0 la source de l\u2019horreur. Face \u00e0 l&#8217;emprise du mal, Talia saura-t-elle affronter ses d\u00e9mons et le don terrifiant qui lui est r\u00e9v\u00e9l\u00e9 ? Le soutien d\u2019Azaia, pr\u00eatresse excentrique et l\u2019amour de Basile seront-ils suffisants pour l\u2019y aider ? Dans la chaleur mordante de ce voyage en pays cajun, les esprits tourment\u00e9s se r\u00e9v\u00e8lent, les traumatismes refont surface et les peurs inavouables s&rsquo;entrechoquent jusqu&rsquo;\u00e0 la r\u00e9v\u00e9lation finale.<\/figcaption><\/figure>\n","protected":false},"excerpt":{"rendered":"","protected":false},"author":1,"featured_media":0,"comment_status":"closed","ping_status":"closed","sticky":false,"template":"","format":"standard","meta":{"footnotes":""},"categories":[4],"tags":[],"class_list":["post-347","post","type-post","status-publish","format-standard","hentry","category-bibliographie"],"_links":{"self":[{"href":"https:\/\/lautomneseranoir.fr\/index.php\/wp-json\/wp\/v2\/posts\/347","targetHints":{"allow":["GET"]}}],"collection":[{"href":"https:\/\/lautomneseranoir.fr\/index.php\/wp-json\/wp\/v2\/posts"}],"about":[{"href":"https:\/\/lautomneseranoir.fr\/index.php\/wp-json\/wp\/v2\/types\/post"}],"author":[{"embeddable":true,"href":"https:\/\/lautomneseranoir.fr\/index.php\/wp-json\/wp\/v2\/users\/1"}],"replies":[{"embeddable":true,"href":"https:\/\/lautomneseranoir.fr\/index.php\/wp-json\/wp\/v2\/comments?post=347"}],"version-history":[{"count":1,"href":"https:\/\/lautomneseranoir.fr\/index.php\/wp-json\/wp\/v2\/posts\/347\/revisions"}],"predecessor-version":[{"id":348,"href":"https:\/\/lautomneseranoir.fr\/index.php\/wp-json\/wp\/v2\/posts\/347\/revisions\/348"}],"wp:attachment":[{"href":"https:\/\/lautomneseranoir.fr\/index.php\/wp-json\/wp\/v2\/media?parent=347"}],"wp:term":[{"taxonomy":"category","embeddable":true,"href":"https:\/\/lautomneseranoir.fr\/index.php\/wp-json\/wp\/v2\/categories?post=347"},{"taxonomy":"post_tag","embeddable":true,"href":"https:\/\/lautomneseranoir.fr\/index.php\/wp-json\/wp\/v2\/tags?post=347"}],"curies":[{"name":"wp","href":"https:\/\/api.w.org\/{rel}","templated":true}]}}