{"id":274,"date":"2023-08-31T09:59:57","date_gmt":"2023-08-31T07:59:57","guid":{"rendered":"https:\/\/lautomneseranoir.fr\/?p=274"},"modified":"2023-08-31T14:58:57","modified_gmt":"2023-08-31T12:58:57","slug":"bibliographie-james-hollin","status":"publish","type":"post","link":"https:\/\/lautomneseranoir.fr\/index.php\/2023\/08\/31\/bibliographie-james-hollin\/","title":{"rendered":"Bibliographie &#8211; James HOLIN"},"content":{"rendered":"\n<figure class=\"wp-block-image size-full\"><img loading=\"lazy\" decoding=\"async\" width=\"195\" height=\"302\" src=\"https:\/\/lautomneseranoir.fr\/wp-content\/uploads\/2023\/08\/41CxpimQhsL._SX195_.jpg\" alt=\"\" class=\"wp-image-268\" srcset=\"https:\/\/lautomneseranoir.fr\/wp-content\/uploads\/2023\/08\/41CxpimQhsL._SX195_.jpg 195w, https:\/\/lautomneseranoir.fr\/wp-content\/uploads\/2023\/08\/41CxpimQhsL._SX195_-194x300.jpg 194w\" sizes=\"auto, (max-width: 195px) 100vw, 195px\" \/><figcaption class=\"wp-element-caption\">James Holin <br>EAN : 9782359735048 <br>240 pages  <br>Ravet-Anceau (06\/07\/2015)  <br>En baie de Somme, la p\u00eache peut \u00eatre miraculeuse. Ou macabre. Lorsqu\u2019aux environs de Saint-Valery-sur-Somme un chalutier remonte deux cadavres de la mer, la gendarmerie maritime de Boulogne-sur-Mer prend en charge l\u2019affaire. \u00c0 sa t\u00eate, le major L\u00e9cuyer. C\u2019est sans compter Mireille Panckouke, journaliste pour un m\u00e9dia local, qui enqu\u00eate elle aussi. Sur fond de campagne \u00e9lectorale, d\u2019\u00e9cologie et de secrets que certains veulent \u00e0 tout prix garder, lever le voile <\/figcaption><\/figure>\n\n\n\n<figure class=\"wp-block-image size-full\"><img loading=\"lazy\" decoding=\"async\" width=\"195\" height=\"304\" src=\"https:\/\/lautomneseranoir.fr\/wp-content\/uploads\/2023\/08\/41EwtbjcB-L._SX195_.jpg\" alt=\"\" class=\"wp-image-269\" srcset=\"https:\/\/lautomneseranoir.fr\/wp-content\/uploads\/2023\/08\/41EwtbjcB-L._SX195_.jpg 195w, https:\/\/lautomneseranoir.fr\/wp-content\/uploads\/2023\/08\/41EwtbjcB-L._SX195_-192x300.jpg 192w\" sizes=\"auto, (max-width: 195px) 100vw, 195px\" \/><figcaption class=\"wp-element-caption\">James Holin<br>EAN : 9782919066872 276 <br>pages  <br>Editions du Ca\u00efman (23\/02\/2021)  <br>La nuit tombe sur Creil, frigorifi\u00e9e par l&rsquo;hiver, lorsque, le chef de l&rsquo;antenne PJ trouve la trace du Blond. Cela fait des ann\u00e9es que ce flic myst\u00e9rieux \u00e0 la main de r\u00e9sine surnomm\u00e9 Camerone par ses hommes traque le manouche, prince des casseurs. Il r\u00e9unit au coup de sifflet son groupe. Les flics s&rsquo;enfoncent dans la nuit \u00e0 sa recherche. Le Blond part en p\u00e9riple, cagoule sur la t\u00eate et pied au plancher. Camerone, pris dans une qu\u00eate hors du droit et du bon sens, fascin\u00e9 par son adversaire, le laisse casser, le filant \u00e0 distance pour l&rsquo;arr\u00eater avec un maximum de faits sur le dos. Cette strat\u00e9gie dangereuse se r\u00e9v\u00e8le sanglante.<\/figcaption><\/figure>\n\n\n\n<figure class=\"wp-block-image size-full\"><img loading=\"lazy\" decoding=\"async\" width=\"195\" height=\"309\" src=\"https:\/\/lautomneseranoir.fr\/wp-content\/uploads\/2023\/08\/416Zof2vTL._SX195_.jpg\" alt=\"\" class=\"wp-image-272\" srcset=\"https:\/\/lautomneseranoir.fr\/wp-content\/uploads\/2023\/08\/416Zof2vTL._SX195_.jpg 195w, https:\/\/lautomneseranoir.fr\/wp-content\/uploads\/2023\/08\/416Zof2vTL._SX195_-189x300.jpg 189w\" sizes=\"auto, (max-width: 195px) 100vw, 195px\" \/><figcaption class=\"wp-element-caption\">James Holin <br>EAN : 9782493739032 <br>336 pages  <br>Editions du Ca\u00efman (06\/10\/2022)<br>Il est six heures du matin quand la police d\u00e9fonce la porte du jeune Nolan Dardanus \u00e0 Bobigny. Les policiers cherchent son fr\u00e8re impliqu\u00e9 dans un trafic de stups. Si le frangin a \u00e9chapp\u00e9 au commissariat, il reste en mauvaise posture, s\u00e9questr\u00e9 par Nacer \u00e0 qui il doit 100 000 euros. Nolan affranchi par le ca\u00efd a jusqu\u2019\u00e0 22 heures pour apporter l\u2019argent. Heureusement, il re\u00e7oit une lettre d\u2019un notaire de Laon, l\u2019invitant le jour m\u00eame aux obs\u00e8ques et \u00e0 la succession d\u2019un oncle inconnu. L\u2019occasion de r\u00e9cup\u00e9rer de l\u2019argent. Le jeune homme fonce en Picardie. L\u00e0-bas, l\u2019oncle d\u2019Am\u00e9rique se r\u00e9v\u00e8le \u00eatre son p\u00e8re. Les pr\u00e9sentations avec ses fr\u00e8res et soeurs sont courtes, car le testament les somme de s\u2019entendre sur la succession dans la journ\u00e9e. S\u2019ils n\u2019y parviennent pas, un seul h\u00e9ritera de tout.<\/figcaption><\/figure>\n\n\n\n<figure class=\"wp-block-image size-full\"><img loading=\"lazy\" decoding=\"async\" width=\"210\" height=\"328\" src=\"https:\/\/lautomneseranoir.fr\/wp-content\/uploads\/2023\/08\/41ho-40xmXL._SX210_.jpg\" alt=\"\" class=\"wp-image-270\" style=\"object-fit:cover\" srcset=\"https:\/\/lautomneseranoir.fr\/wp-content\/uploads\/2023\/08\/41ho-40xmXL._SX210_.jpg 210w, https:\/\/lautomneseranoir.fr\/wp-content\/uploads\/2023\/08\/41ho-40xmXL._SX210_-192x300.jpg 192w\" sizes=\"auto, (max-width: 210px) 100vw, 210px\" \/><figcaption class=\"wp-element-caption\">James Holin <br>EAN : 9782359735604 <br>280 pages  <br>Ravet-Anceau (20\/06\/2016)<br>\u00c0 Deauville, le festival du film am\u00e9ricain ouvre bient\u00f4t ses portes. Cin\u00e9philes, stars et politiques pr\u00e9parent ce rendez-vous incontournable. Pourtant, le commissaire Arnaud Serano n\u2019a pas la t\u00eate aux r\u00e9jouissances. Il enqu\u00eate sur l\u2019assassinat par empoisonnement de Jean-Guy Bougival, comptable du mus\u00e9e de la sculpture contemporaine. Un meurtre qui a lieu alors que les finances de l\u2019\u00e9tablissement sont contr\u00f4l\u00e9es par Eglantine de Tournevire, magistrate \u00e0 la Cour des comptes. Simple co\u00efncidence ? Peu \u00e0 peu, Tournevire sort le nez des chiffres et se prend au jeu de l\u2019enqu\u00eate aux c\u00f4t\u00e9s de Serano. Sur le tapis rouge du festival s\u2019\u00e9talent ambitions, magouilles et trahisons. Pour Eglantine et Arnaud, les mauvais comptes font les bons ennemis.<\/figcaption><\/figure>\n","protected":false},"excerpt":{"rendered":"","protected":false},"author":1,"featured_media":0,"comment_status":"closed","ping_status":"closed","sticky":false,"template":"","format":"standard","meta":{"footnotes":""},"categories":[4],"tags":[],"class_list":["post-274","post","type-post","status-publish","format-standard","hentry","category-bibliographie"],"_links":{"self":[{"href":"https:\/\/lautomneseranoir.fr\/index.php\/wp-json\/wp\/v2\/posts\/274","targetHints":{"allow":["GET"]}}],"collection":[{"href":"https:\/\/lautomneseranoir.fr\/index.php\/wp-json\/wp\/v2\/posts"}],"about":[{"href":"https:\/\/lautomneseranoir.fr\/index.php\/wp-json\/wp\/v2\/types\/post"}],"author":[{"embeddable":true,"href":"https:\/\/lautomneseranoir.fr\/index.php\/wp-json\/wp\/v2\/users\/1"}],"replies":[{"embeddable":true,"href":"https:\/\/lautomneseranoir.fr\/index.php\/wp-json\/wp\/v2\/comments?post=274"}],"version-history":[{"count":3,"href":"https:\/\/lautomneseranoir.fr\/index.php\/wp-json\/wp\/v2\/posts\/274\/revisions"}],"predecessor-version":[{"id":277,"href":"https:\/\/lautomneseranoir.fr\/index.php\/wp-json\/wp\/v2\/posts\/274\/revisions\/277"}],"wp:attachment":[{"href":"https:\/\/lautomneseranoir.fr\/index.php\/wp-json\/wp\/v2\/media?parent=274"}],"wp:term":[{"taxonomy":"category","embeddable":true,"href":"https:\/\/lautomneseranoir.fr\/index.php\/wp-json\/wp\/v2\/categories?post=274"},{"taxonomy":"post_tag","embeddable":true,"href":"https:\/\/lautomneseranoir.fr\/index.php\/wp-json\/wp\/v2\/tags?post=274"}],"curies":[{"name":"wp","href":"https:\/\/api.w.org\/{rel}","templated":true}]}}