{"id":228,"date":"2023-08-30T15:42:58","date_gmt":"2023-08-30T13:42:58","guid":{"rendered":"https:\/\/lautomneseranoir.fr\/?p=228"},"modified":"2023-08-30T16:00:07","modified_gmt":"2023-08-30T14:00:07","slug":"bibliographie-emmanuel-varle","status":"publish","type":"post","link":"https:\/\/lautomneseranoir.fr\/index.php\/2023\/08\/30\/bibliographie-emmanuel-varle\/","title":{"rendered":"Bibliographie &#8211; Emmanuel VARLE"},"content":{"rendered":"\n<figure class=\"wp-block-image size-full\"><img loading=\"lazy\" decoding=\"async\" width=\"195\" height=\"285\" src=\"https:\/\/lautomneseranoir.fr\/wp-content\/uploads\/2023\/08\/41OG3yazs8L._SX195_.jpg\" alt=\"\" class=\"wp-image-230\"\/><figcaption class=\"wp-element-caption\">Emmanuel Varle <br>EAN : 9782370471116 <br>196 pages <br>Editions Lajouanie (24\/05\/2019)  <br>No problemo r\u00e9p\u00e8te sans cesse Jos\u00e9. C\u2019est un plan simple, un coup facile ! promet-il \u00e0 son comparse, un d\u00e9linquant sans envergure. Ce que la t\u00eate pensante de ce duo tait, c\u2019est que la demeure de l\u2019\u00e9crivain qu\u2019ils s\u2019appr\u00eatent \u00e0 ran\u00e7onner est celle dans laquelle il a pass\u00e9 son enfance. Les souvenirs de ces ann\u00e9es d\u2019enfer, vont troubler le bon d\u00e9roulement d\u2019un saucissonnage qui d\u00e9marrait si bien ! La cavale qui en d\u00e9coule s\u2019annonce pour le moins chaotique et catastrophique. De jeunes truands, des victimes pas toujours innocentes, des forces de l\u2019ordre sur le fil du rasoir, des lieux pas si s\u00fbrs qu\u2019on le souhaiterait&#8230; voil\u00e0 les principaux ingr\u00e9dients de cette aventure saisissante. C\u2019est criant de v\u00e9rit\u00e9. Rien d\u2019\u00e9tonnant, l\u2019auteur a pass\u00e9 plus de trente ans dans la police !<\/figcaption><\/figure>\n\n\n\n<figure class=\"wp-block-image size-full\"><img loading=\"lazy\" decoding=\"async\" width=\"195\" height=\"334\" src=\"https:\/\/lautomneseranoir.fr\/wp-content\/uploads\/2023\/08\/41uvQko1AL._SX195_.jpg\" alt=\"\" class=\"wp-image-211\" srcset=\"https:\/\/lautomneseranoir.fr\/wp-content\/uploads\/2023\/08\/41uvQko1AL._SX195_.jpg 195w, https:\/\/lautomneseranoir.fr\/wp-content\/uploads\/2023\/08\/41uvQko1AL._SX195_-175x300.jpg 175w\" sizes=\"auto, (max-width: 195px) 100vw, 195px\" \/><figcaption class=\"wp-element-caption\">Jean-Marc Bloch Emmanuel Varle Jean-Marc Souvira Paul Merault Christophe Gavat Olivier Damien Danielle Thi\u00e9ry Fran\u00e7ois Lange Lionel Olivier R\u00e9my Lasource Luc Watteau Eric Dupuis Frank Klarczyk \u00c9ric Oliva Pierre Pouchairet Sacha Erbel Didier Fossey Jean-Fran\u00e7ois Pasques Patrick Nieto Christophe Guillaumot Ivan Zinberg <br>EAN : 9782370472113 <br>445 pages <br>Editions Lajouanie (28\/10\/2022)  <br>22 flics ou ex-flics, romanciers reconnus, r\u00e9unis dans cet ouvrage unique, \u00e9dit\u00e9 et vendu au profit exclusif des orphelins de la police. Au menu, des nouvelles in\u00e9dites, autour de l\u2019enfance&#8230; mais pas que. 1,50 \u20ac revers\u00e9 aux orphelins de la police <\/figcaption><\/figure>\n\n\n\n<figure class=\"wp-block-image size-full\"><img loading=\"lazy\" decoding=\"async\" width=\"210\" height=\"340\" src=\"https:\/\/lautomneseranoir.fr\/wp-content\/uploads\/2023\/08\/CVT_En-cavale_9816.webp\" alt=\"\" class=\"wp-image-234\" srcset=\"https:\/\/lautomneseranoir.fr\/wp-content\/uploads\/2023\/08\/CVT_En-cavale_9816.webp 210w, https:\/\/lautomneseranoir.fr\/wp-content\/uploads\/2023\/08\/CVT_En-cavale_9816-185x300.webp 185w\" sizes=\"auto, (max-width: 210px) 100vw, 210px\" \/><figcaption class=\"wp-element-caption\">Emmanuel Varle <br>EAN : 9782370471864 <br>230 pages <br>Editions Lajouanie (17\/09\/2021)  <br>Un lieutenant subtilise une m\u00e9daille lors de sa premi\u00e8re enqu\u00eate. Limog\u00e9 de la police, il est tr\u00e8s rapidement soup\u00e7onn\u00e9 de trafic de stup\u00e9fiants et d\u00e9cide de se mettre au vert au fin fond du Morvan. \u00c0 quelques pas de sa planque, vit une communaut\u00e9 plut\u00f4t curieuse. Une aristocrate en rupture de ban, en m\u00e9nage avec un vieux gangster proche d&rsquo;un assassin en cavale depuis des ann\u00e9es, r\u00e8gne sur une bande d&rsquo;asociaux plut\u00f4t h\u00e9t\u00e9roclite. Des v\u00e9ganes y cohabitent avec des chasseurs de ragondins braconnant \u00e0 tout va. Tous fument plus que de raison&#8230; L&rsquo;ex-policier se lie avec quelques marginaux qui l&rsquo;alertent sur d&rsquo;\u00e9tranges disparitions<\/figcaption><\/figure>\n\n\n\n<figure class=\"wp-block-image size-full\"><img loading=\"lazy\" decoding=\"async\" width=\"195\" height=\"288\" src=\"https:\/\/lautomneseranoir.fr\/wp-content\/uploads\/2023\/08\/51xl6MHlNBL._SX195_.jpg\" alt=\"\" class=\"wp-image-233\"\/><figcaption class=\"wp-element-caption\">Emmanuel Varle <br>EAN : 9791031002149 <br>272 pages  <br>Les Presses Litt\u00e9raires (01\/09\/2016)<br>Seul, dans sa cellule, un vieux truand revient sur son long parcours de d\u00e9linquant. D\u00e9cid\u00e9 \u00e0 ne rien occulter, il d\u00e9voile tout : sa jeunesse bourgeoise, ses premi\u00e8res b\u00eatises, sa v\u00e9ritable entr\u00e9e dans le monde des truands, ses fr\u00e9quentations dans le milieu, ses exploits dans le banditisme, ses \u00e9checs et ses s\u00e9jours en prison qui ont ponctu\u00e9 sa vie de voyou.Lucide sur un mode de vie qu&rsquo;il a choisi, il en dresse un portrait saisissant de v\u00e9rit\u00e9. A travers son t\u00e9moignage, il nous offre une plong\u00e9e passionnante dans le milieu tr\u00e8s ferm\u00e9 du grand banditisme ainsi que dans le monde carc\u00e9ral des soixante derni\u00e8res ann\u00e9es.Et puis, il y a sa vie actuelle de vieillard en prison, les autres d\u00e9tenus, les r\u00e8glements tatillons, la salet\u00e9, les conflits? Et que lui veut vraiment ce jeune visiteur de prison d\u00e9barqu\u00e9 de nulle part qui s&rsquo;invite dans sa vie ?<\/figcaption><\/figure>\n\n\n\n<figure class=\"wp-block-image size-full\"><img loading=\"lazy\" decoding=\"async\" width=\"195\" height=\"288\" src=\"https:\/\/lautomneseranoir.fr\/wp-content\/uploads\/2023\/08\/51IS8FDtN9L._SX195_.jpg\" alt=\"\" class=\"wp-image-231\"\/><figcaption class=\"wp-element-caption\">Emmanuel Varle <br>EAN : 9781031000139 <br>Les Presses Litt\u00e9raires (08\/06\/2015)  <br>Un ancien terroriste gauchiste repenti se fait assassiner \u00e0 Deuil-la-Barre, ville de la banlieue nord o\u00f9 il vit depuis sa sortie de prison. Quelques semaines plus tard, le cur\u00e9 de l&rsquo;\u00e9glise Saint Pierre de Neuilly subit le m\u00eame sort. Les deux homicides ont \u00e9t\u00e9 perp\u00e9tr\u00e9s avec la m\u00eame arme : un revolver Smith &amp; Wesson mod\u00e8le 10. Les victimes avaient particip\u00e9 \u00e0 une \u00e9mission de t\u00e9l\u00e9r\u00e9alit\u00e9 ayant pour th\u00e8me : la r\u00e9demption chez les criminels. Le groupe 4 de la Brigade Criminelle o\u00f9 officie toujours le lieutenant Enzo Verdier d\u00e9sormais sous les ordres du commandant Pecqueux va se lancer dans une nouvelle chasse au serial killer. Lors de leur enqu\u00eate, les policiers se confronteront \u00e0 des milieux aussi dissemblables que le clerg\u00e9, la noblesse, l&rsquo;ultra gauche radicale, les escorts boys, les zonards, les indicateurs, les squats, les numismates, le grand patronat, les brocanteurs, les cit\u00e9s de banlieue&#8230; Durant cette qu\u00eate de la v\u00e9rit\u00e9, ils auront une obsession : interpeller le tueur avant qu&rsquo;il ne fasse une autre victime. N\u00e9 \u00e0 Paris en 1960, Emmanuel Varle est actuellement commandant dans la Police Nationale. Passionn\u00e9 par de nombreux domaines parmi lesquels la litt\u00e9rature, l&rsquo;histoire, le monde animal, l&rsquo;art, les faits divers, l&rsquo;auteur travaille depuis une trentaine d&rsquo;ann\u00e9es dans la Police. Sa riche exp\u00e9rience professionnelle lui a donn\u00e9 l&rsquo;occasion de rencontrer des individus venus d&rsquo;horizons tr\u00e8s divers souvent m\u00e9connus du grand public. Il entend au travers de ses romans faire partager aux lecteurs un v\u00e9cu passionnant. R\u00e9demption fatale est son second roman.<\/figcaption><\/figure>\n","protected":false},"excerpt":{"rendered":"","protected":false},"author":1,"featured_media":0,"comment_status":"closed","ping_status":"closed","sticky":false,"template":"","format":"standard","meta":{"footnotes":""},"categories":[4],"tags":[],"class_list":["post-228","post","type-post","status-publish","format-standard","hentry","category-bibliographie"],"_links":{"self":[{"href":"https:\/\/lautomneseranoir.fr\/index.php\/wp-json\/wp\/v2\/posts\/228","targetHints":{"allow":["GET"]}}],"collection":[{"href":"https:\/\/lautomneseranoir.fr\/index.php\/wp-json\/wp\/v2\/posts"}],"about":[{"href":"https:\/\/lautomneseranoir.fr\/index.php\/wp-json\/wp\/v2\/types\/post"}],"author":[{"embeddable":true,"href":"https:\/\/lautomneseranoir.fr\/index.php\/wp-json\/wp\/v2\/users\/1"}],"replies":[{"embeddable":true,"href":"https:\/\/lautomneseranoir.fr\/index.php\/wp-json\/wp\/v2\/comments?post=228"}],"version-history":[{"count":2,"href":"https:\/\/lautomneseranoir.fr\/index.php\/wp-json\/wp\/v2\/posts\/228\/revisions"}],"predecessor-version":[{"id":236,"href":"https:\/\/lautomneseranoir.fr\/index.php\/wp-json\/wp\/v2\/posts\/228\/revisions\/236"}],"wp:attachment":[{"href":"https:\/\/lautomneseranoir.fr\/index.php\/wp-json\/wp\/v2\/media?parent=228"}],"wp:term":[{"taxonomy":"category","embeddable":true,"href":"https:\/\/lautomneseranoir.fr\/index.php\/wp-json\/wp\/v2\/categories?post=228"},{"taxonomy":"post_tag","embeddable":true,"href":"https:\/\/lautomneseranoir.fr\/index.php\/wp-json\/wp\/v2\/tags?post=228"}],"curies":[{"name":"wp","href":"https:\/\/api.w.org\/{rel}","templated":true}]}}